{"id":684,"date":"2018-01-27T14:39:43","date_gmt":"2018-01-27T13:39:43","guid":{"rendered":"https:\/\/assurance-km.be\/?p=684"},"modified":"2021-02-01T15:04:45","modified_gmt":"2021-02-01T14:04:45","slug":"radiation-plaque-d-immatriculation","status":"publish","type":"post","link":"https:\/\/assurance-km.be\/?p=684","title":{"rendered":"Une radiation de plaque d&rsquo;immatriculation?"},"content":{"rendered":"<p>[vc_row padding_top=\u00a0\u00bb0px\u00a0\u00bb padding_bottom=\u00a0\u00bb0px\u00a0\u00bb][vc_column fade_animation_offset=\u00a0\u00bb45px\u00a0\u00bb][vc_column_text]<\/p>\n<h3>Radiation d&rsquo;une plaque d&rsquo;immatriculation?.<\/h3>\n<p>[\/vc_column_text][\/vc_column][\/vc_row][vc_row padding_top=\u00a0\u00bb0px\u00a0\u00bb padding_bottom=\u00a0\u00bb0px\u00a0\u00bb][vc_column fade_animation_offset=\u00a0\u00bb45px\u00a0\u00bb][vc_column_text]La loi belge oblige le d\u00e9tenteur d\u2019une plaque Belge \u00e0 retourner ( c\u2019est-\u00e0-dire proc\u00e9der \u00e0 la radiation de la plaque d\u2019immatriculation ) celle-ci vers les bureaux de la <a href=\"http:\/\/mobilit.belgium.be\/fr\">DIV<\/a> ( La Direction pour l\u2019Immatriculation des V\u00e9hicules ).<\/p>\n<p>C\u2019est \u00e9videmment dans votre int\u00e9r\u00eat aussi, car une plaque qui n\u2019est pas radier signifie une taxe \u00e0 payer annuellement \u00e0 la SPF mobilit\u00e9 ( taxe de circulation ) que tous les r\u00e9sidents belges doivent payer lorsqu\u2019ils poss\u00e8dent une voiture muni d\u2019une plaque d\u2019immatriculation Belge.<\/p>\n<h4>Que signifie \u201cradier ma plaque de voiture\u201d ?<\/h4>\n<p>Le terme <strong>radier<\/strong> signifie<strong> supprimer<\/strong> de la circulation votre plaque d\u2019immatriculation. Vous enlevez du registre des v\u00e9hicules immatricul\u00e9s en Belgique.<\/p>\n<p>Sachez \u00e9galement que lorsque vous poss\u00e9dez une plaque au format ancien (5 ou 6 caract\u00e8res) qui n\u2019est pas au format europ\u00e9en ( 7 caract\u00e8res ). Il est obligatoire de la radier si vous souhaitez r\u00e9-immatriculer votre v\u00e9hicule avec cette m\u00eame plaque.[\/vc_column_text][\/vc_column][\/vc_row][vc_row padding_top=\u00a0\u00bb0px\u00a0\u00bb padding_bottom=\u00a0\u00bb0px\u00a0\u00bb][vc_column fade_animation_offset=\u00a0\u00bb45px\u00a0\u00bb][vc_column_text]<\/p>\n<blockquote><p>Plaque d\u2019immatriculation vol\u00e9e, perdu, \u2026 ?<br \/>\nSi vous ne poss\u00e9dez plus votre plaque d\u2019immatriculation suite \u00e0 un vol ou une perte ? Rendez-vous dans un bureau de police afin qu\u2019ils \u00e9tablissent une attestation originale de d\u00e9possession involontaire de la plaque. La police proc\u00e9dera au signalement de la plaque, qui sera ainsi automatiquement radi\u00e9e, donc sans intervention physique de la part de la DIV.<\/p><\/blockquote>\n<p>[\/vc_column_text][\/vc_column][\/vc_row][vc_row padding_top=\u00a0\u00bb0px\u00a0\u00bb padding_bottom=\u00a0\u00bb0px\u00a0\u00bb][vc_column width=\u00a0\u00bb1\/2&Prime; fade_animation_offset=\u00a0\u00bb45px\u00a0\u00bb][vc_column_text]<strong>Plusieurs raisons de radier une plaque d\u2019immatriculation :<\/strong><\/p>\n<ul>\n<li>Vous avez vendu votre voiture, vous recevez un avis d\u2019effacement, vous avez 4 mois pour radier votre plaque.<\/li>\n<li>Vous ne comptez plus utiliser votre v\u00e9hicule, plut\u00f4t que de payer une taxe annuel pour rien, pensez \u00e0 radier votre plaque.<\/li>\n<li>Une erreur d\u2019immatriculation ? vous pouvez donc radier la plaque.<\/li>\n<\/ul>\n<p><strong><em>Attention :<\/em><\/strong><\/p>\n<p><strong><img loading=\"lazy\" decoding=\"async\" class=\"wp-image-690 alignleft\" src=\"https:\/\/assurance-km.be\/wp-content\/uploads\/2018\/01\/radiation-plaque-dimmatriculation-1.jpg\" alt=\"\" width=\"54\" height=\"69\" srcset=\"https:\/\/assurance-km.be\/wp-content\/uploads\/2018\/01\/radiation-plaque-dimmatriculation-1.jpg 175w, https:\/\/assurance-km.be\/wp-content\/uploads\/2018\/01\/radiation-plaque-dimmatriculation-1-100x127.jpg 100w\" sizes=\"(max-width: 54px) 100vw, 54px\" \/>\u00a0<\/strong>la\u00a0<strong>plaque d\u2019immatriculation<\/strong>\u00a0\u00e0 radier est la plaque arri\u00e8re du v\u00e9hicule, vous ne pouvez pas vous tromper car il doit y apparaitre ce petit\u00a0<strong>logo officiel<\/strong>\u00a0de la DIV.<\/p>\n<p>Si ce logo n\u2019apparait pas, ce n\u2019est pas une plaque officiel.[\/vc_column_text][\/vc_column][vc_column width=\u00a0\u00bb1\/2&Prime; fade_animation_offset=\u00a0\u00bb45px\u00a0\u00bb][vc_column_text]<strong>Comment faire pour radier une plaque d\u2019immatriculation ?<\/strong><\/p>\n<ul>\n<li>Soit en renvoyant directement votre plaque d\u2019immatriculation vous m\u00eame \u00e0 l\u2019adresse suivante DIV : Service Radiations \u2013 Rue du Progr\u00e8s 56 \u00e0 1210 Bruxelles).<\/li>\n<li>Soit en la d\u00e9posant directement dans la boite au lettre pr\u00e9vu \u00e0 la DIV, attention, dans les heures d\u2019ouvertures.<\/li>\n<li>Soit via B-post, dans n\u2019importe quel bureau de poste de Belgique. Ce service vous coutera 9,75 euro, mais pour permettra d\u2019obtenir votre papier de radiation de plaque imm\u00e9diatement via n\u2019importe quel bureau de poste. Cela \u00e9vite de se d\u00e9placer jusqu\u2019au bureau de la DIV.<\/li>\n<\/ul>\n<p>[\/vc_column_text][\/vc_column][\/vc_row][vc_row padding_top=\u00a0\u00bb0px\u00a0\u00bb padding_bottom=\u00a0\u00bb0px\u00a0\u00bb][vc_column fade_animation_offset=\u00a0\u00bb45px\u00a0\u00bb][vc_column_text]<strong>Diff\u00e9rence entre avis de radiation et avis d\u2019effacement :\u00a0<\/strong><\/p>\n<p><strong>L\u2019avis d\u2019effacement :<\/strong><\/p>\n<p>C\u2019est un avis qui signifie comme son nom l\u2019indique que votre v\u00e9hicule pr\u00e9c\u00e9dent a \u00e9t\u00e9 r\u00e9-immatricul\u00e9 sous un nouveau num\u00e9ro de plaque et donc plus le v\u00f4tre. Vous poss\u00e9dez donc toujours votre plaque d\u2019immatriculation officielle, il vous faut dor\u00e9navant la radier ou r\u00e9-immatriculer un nouveau v\u00e9hicule end\u00e9ans les 4 mois.<\/p>\n<p><strong>L\u2019avis de radiation :<\/strong><\/p>\n<p>C\u2019est un avis qui signifie la confirmation de la radiation votre plaque d\u2019immatriculation. Cela veut dire que vous ne devez donc plus payer la taxe de circulation annuelle. Vous recevrez celle-ci par la Poste quelques jours apr\u00e8s r\u00e9ception de celle-ci \u00e0 la DIV.[\/vc_column_text][\/vc_column][\/vc_row]<\/p>\n","protected":false},"excerpt":{"rendered":"<p>[vc_row padding_top=\u00a0\u00bb0px\u00a0\u00bb padding_bottom=\u00a0\u00bb0px\u00a0\u00bb][vc_column fade_animation_offset=\u00a0\u00bb45px\u00a0\u00bb][vc_column_text] Radiation d&rsquo;une plaque d&rsquo;immatriculation?. [\/vc_column_text][\/vc_column][\/vc_row][vc_row padding_top=\u00a0\u00bb0px\u00a0\u00bb padding_bottom=\u00a0\u00bb0px\u00a0\u00bb][vc_column fade_animation_offset=\u00a0\u00bb45px\u00a0\u00bb][vc_column_text]La loi belge oblige le d\u00e9tenteur d\u2019une plaque Belge \u00e0 retourner ( c\u2019est-\u00e0-dire proc\u00e9der \u00e0 la radiation de la plaque d\u2019immatriculation ) celle-ci vers les bureaux de la DIV ( La Direction pour l\u2019Immatriculation des V\u00e9hicules ). C\u2019est \u00e9videmment<\/p>\n","protected":false},"author":1,"featured_media":686,"comment_status":"open","ping_status":"closed","sticky":false,"template":"","format":"standard","meta":{"footnotes":""},"categories":[5],"tags":[],"class_list":["post-684","post","type-post","status-publish","format-standard","has-post-thumbnail","hentry","category-immatriculation"],"aioseo_notices":[],"_links":{"self":[{"href":"https:\/\/assurance-km.be\/index.php?rest_route=\/wp\/v2\/posts\/684"}],"collection":[{"href":"https:\/\/assurance-km.be\/index.php?rest_route=\/wp\/v2\/posts"}],"about":[{"href":"https:\/\/assurance-km.be\/index.php?rest_route=\/wp\/v2\/types\/post"}],"author":[{"embeddable":true,"href":"https:\/\/assurance-km.be\/index.php?rest_route=\/wp\/v2\/users\/1"}],"replies":[{"embeddable":true,"href":"https:\/\/assurance-km.be\/index.php?rest_route=%2Fwp%2Fv2%2Fcomments&post=684"}],"version-history":[{"count":10,"href":"https:\/\/assurance-km.be\/index.php?rest_route=\/wp\/v2\/posts\/684\/revisions"}],"predecessor-version":[{"id":3156,"href":"https:\/\/assurance-km.be\/index.php?rest_route=\/wp\/v2\/posts\/684\/revisions\/3156"}],"wp:featuredmedia":[{"embeddable":true,"href":"https:\/\/assurance-km.be\/index.php?rest_route=\/wp\/v2\/media\/686"}],"wp:attachment":[{"href":"https:\/\/assurance-km.be\/index.php?rest_route=%2Fwp%2Fv2%2Fmedia&parent=684"}],"wp:term":[{"taxonomy":"category","embeddable":true,"href":"https:\/\/assurance-km.be\/index.php?rest_route=%2Fwp%2Fv2%2Fcategories&post=684"},{"taxonomy":"post_tag","embeddable":true,"href":"https:\/\/assurance-km.be\/index.php?rest_route=%2Fwp%2Fv2%2Ftags&post=684"}],"curies":[{"name":"wp","href":"https:\/\/api.w.org\/{rel}","templated":true}]}}